{"id":100120,"date":"2025-08-21T12:36:31","date_gmt":"2025-08-21T10:36:31","guid":{"rendered":"https:\/\/visit-rt.de\/?p=100120"},"modified":"2026-03-17T17:21:50","modified_gmt":"2026-03-17T16:21:50","slug":"zukunftsfaehige-innenstaedte-und-zentren","status":"publish","type":"post","link":"https:\/\/visitreutlingen.de\/fr\/beitrag\/zukunftsfaehige-innenstaedte-und-zentren\/","title":{"rendered":"Zukunftsf\u00e4hige Innenst\u00e4dte und Zentren"},"content":{"rendered":"\t\t<div data-elementor-type=\"wp-post\" data-elementor-id=\"100120\" class=\"elementor elementor-100120\" data-elementor-post-type=\"post\">\n\t\t\t\t<div class=\"elementor-element elementor-element-e177e43 e-con-full e-flex e-con e-parent\" data-id=\"e177e43\" data-element_type=\"container\" data-e-type=\"container\" data-settings=\"{&quot;background_background&quot;:&quot;classic&quot;}\">\n\t\t<div class=\"elementor-element elementor-element-5895b3c e-flex e-con-boxed e-con e-child\" data-id=\"5895b3c\" data-element_type=\"container\" data-e-type=\"container\">\n\t\t\t\t\t<div class=\"e-con-inner\">\n\t\t<div class=\"elementor-element elementor-element-65e34f5 e-con-full e-flex e-con e-child\" data-id=\"65e34f5\" data-element_type=\"container\" data-e-type=\"container\">\n\t\t\t\t<div class=\"elementor-element elementor-element-42f302f elementor-widget elementor-widget-heading\" data-id=\"42f302f\" data-element_type=\"widget\" data-e-type=\"widget\" data-widget_type=\"heading.default\">\n\t\t\t\t<div class=\"elementor-widget-container\">\n\t\t\t\t\t<h1 class=\"elementor-heading-title elementor-size-default\">Zukunfts&shy;f\u00e4hige Innen&shy;st\u00e4dte und Zentren<\/h1>\t\t\t\t<\/div>\n\t\t\t\t<\/div>\n\t\t\t\t<div class=\"elementor-element elementor-element-415949f elementor-widget elementor-widget-spacer\" data-id=\"415949f\" data-element_type=\"widget\" data-e-type=\"widget\" data-widget_type=\"spacer.default\">\n\t\t\t\t<div class=\"elementor-widget-container\">\n\t\t\t\t\t\t\t<div class=\"elementor-spacer\">\n\t\t\t<div class=\"elementor-spacer-inner\"><\/div>\n\t\t<\/div>\n\t\t\t\t\t\t<\/div>\n\t\t\t\t<\/div>\n\t\t\t\t<div class=\"elementor-element elementor-element-cdb49dd elementor-widget elementor-widget-text-editor\" data-id=\"cdb49dd\" data-element_type=\"widget\" data-e-type=\"widget\" data-widget_type=\"text-editor.default\">\n\t\t\t\t<div class=\"elementor-widget-container\">\n\t\t\t\t\t\t\t\t\t<p>Mit dem Bundesprogramm \u201eZukunftsf\u00e4hige Innenst\u00e4dte und Zentren\u201c werden Ma\u00dfnahmen in 228 Kommunen aus ganz Deutschland in Gro\u00dfst\u00e4dten, Mittel- und Kleinst\u00e4dten gef\u00f6rdert.<\/p><p>Eine dieser 228 Kommunen, die eine F\u00f6rderung erhalten haben, ist die Stadt Reutlingen. Reutlingen erh\u00e4lt vom Bundesministerium f\u00fcr Wohnen, Stadtentwicklung und Bauwesen (BMWSB) 2,29 Millionen Euro F\u00f6rdergelder.<\/p>\t\t\t\t\t\t\t\t<\/div>\n\t\t\t\t<\/div>\n\t\t\t\t<div class=\"elementor-element elementor-element-c232c69 elementor-widget elementor-widget-button\" data-id=\"c232c69\" data-element_type=\"widget\" data-e-type=\"widget\" data-widget_type=\"button.default\">\n\t\t\t\t<div class=\"elementor-widget-container\">\n\t\t\t\t\t\t\t\t\t<div class=\"elementor-button-wrapper\">\n\t\t\t\t\t<a class=\"elementor-button elementor-button-link elementor-size-sm\" href=\"https:\/\/www.reutlingen.de\/de\/Rathaus\/Rathaus-Themen\/Stadtentwicklung\/Zukunftsfaehige-Innenstaedte-und-Zentren\" target=\"_blank\" rel=\"noopener\">\n\t\t\t\t\t\t<span class=\"elementor-button-content-wrapper\">\n\t\t\t\t\t\t\t\t\t<span class=\"elementor-button-text\">Hier klicken<\/span>\n\t\t\t\t\t<\/span>\n\t\t\t\t\t<\/a>\n\t\t\t\t<\/div>\n\t\t\t\t\t\t\t\t<\/div>\n\t\t\t\t<\/div>\n\t\t\t\t<\/div>\n\t\t<div class=\"elementor-element elementor-element-5f1176a e-con-full e-flex e-con e-child\" data-id=\"5f1176a\" data-element_type=\"container\" data-e-type=\"container\">\n\t\t\t\t<div class=\"elementor-element elementor-element-08a0cb2 elementor-widget elementor-widget-image\" data-id=\"08a0cb2\" data-element_type=\"widget\" data-e-type=\"widget\" data-widget_type=\"image.default\">\n\t\t\t\t<div class=\"elementor-widget-container\">\n\t\t\t\t\t\t\t\t\t\t\t\t\t\t\t<img fetchpriority=\"high\" decoding=\"async\" width=\"800\" height=\"600\" src=\"https:\/\/visitreutlingen.de\/wp-content\/uploads\/2025\/08\/marienkirche-1024x768.jpg\" class=\"attachment-large size-large wp-image-100122\" alt=\"Reutlingen entdecken\" srcset=\"https:\/\/visitreutlingen.de\/wp-content\/uploads\/2025\/08\/marienkirche-1024x768.jpg 1024w, https:\/\/visitreutlingen.de\/wp-content\/uploads\/2025\/08\/marienkirche-300x225.jpg 300w, https:\/\/visitreutlingen.de\/wp-content\/uploads\/2025\/08\/marienkirche-768x576.jpg 768w, https:\/\/visitreutlingen.de\/wp-content\/uploads\/2025\/08\/marienkirche-1536x1152.jpg 1536w, https:\/\/visitreutlingen.de\/wp-content\/uploads\/2025\/08\/marienkirche-2048x1536.jpg 2048w\" sizes=\"(max-width: 800px) 100vw, 800px\" title=\"Reutlingen. Kannst du nur lieben.\">\t\t\t\t\t\t\t\t\t\t\t\t\t\t\t<\/div>\n\t\t\t\t<\/div>\n\t\t\t\t<\/div>\n\t\t\t\t\t<\/div>\n\t\t\t\t<\/div>\n\t\t\t\t<\/div>\n\t\t<div class=\"elementor-element elementor-element-39cd151 e-con-full e-flex e-con e-parent\" data-id=\"39cd151\" data-element_type=\"container\" data-e-type=\"container\">\n\t\t\t\t<div class=\"elementor-element elementor-element-6d5cdba elementor-widget elementor-widget-spacer\" data-id=\"6d5cdba\" data-element_type=\"widget\" data-e-type=\"widget\" data-widget_type=\"spacer.default\">\n\t\t\t\t<div class=\"elementor-widget-container\">\n\t\t\t\t\t\t\t<div class=\"elementor-spacer\">\n\t\t\t<div class=\"elementor-spacer-inner\"><\/div>\n\t\t<\/div>\n\t\t\t\t\t\t<\/div>\n\t\t\t\t<\/div>\n\t\t\t\t<\/div>\n\t\t<div class=\"elementor-element elementor-element-bf79a47 e-con-full e-flex e-con e-parent\" data-id=\"bf79a47\" data-element_type=\"container\" data-e-type=\"container\">\n\t\t<div class=\"elementor-element elementor-element-304bbd7 e-flex e-con-boxed e-con e-child\" data-id=\"304bbd7\" data-element_type=\"container\" data-e-type=\"container\">\n\t\t\t\t\t<div class=\"e-con-inner\">\n\t\t<div class=\"elementor-element elementor-element-e22fe6d e-con-full e-flex e-con e-child\" data-id=\"e22fe6d\" data-element_type=\"container\" data-e-type=\"container\">\n\t\t\t\t<div class=\"elementor-element elementor-element-9d2ef74 elementor-widget elementor-widget-image\" data-id=\"9d2ef74\" data-element_type=\"widget\" data-e-type=\"widget\" data-widget_type=\"image.default\">\n\t\t\t\t<div class=\"elementor-widget-container\">\n\t\t\t\t\t\t\t\t\t\t\t\t\t\t\t<img decoding=\"async\" width=\"768\" height=\"1024\" src=\"https:\/\/visitreutlingen.de\/wp-content\/uploads\/2025\/08\/filters-quality-80-4-768x1024.jpg\" class=\"attachment-large size-large wp-image-100176\" alt=\"Reutlingen entdecken\" srcset=\"https:\/\/visitreutlingen.de\/wp-content\/uploads\/2025\/08\/filters-quality-80-4-768x1024.jpg 768w, https:\/\/visitreutlingen.de\/wp-content\/uploads\/2025\/08\/filters-quality-80-4-225x300.jpg 225w, https:\/\/visitreutlingen.de\/wp-content\/uploads\/2025\/08\/filters-quality-80-4-1152x1536.jpg 1152w, https:\/\/visitreutlingen.de\/wp-content\/uploads\/2025\/08\/filters-quality-80-4-1536x2048.jpg 1536w, https:\/\/visitreutlingen.de\/wp-content\/uploads\/2025\/08\/filters-quality-80-4.jpg 1920w\" sizes=\"(max-width: 768px) 100vw, 768px\" title=\"Reutlingen. Kannst du nur lieben.\">\t\t\t\t\t\t\t\t\t\t\t\t\t\t\t<\/div>\n\t\t\t\t<\/div>\n\t\t\t\t<\/div>\n\t\t<div class=\"elementor-element elementor-element-0b30aea e-con-full e-flex e-con e-child\" data-id=\"0b30aea\" data-element_type=\"container\" data-e-type=\"container\">\n\t\t\t\t<div class=\"elementor-element elementor-element-c902183 elementor-widget elementor-widget-heading\" data-id=\"c902183\" data-element_type=\"widget\" data-e-type=\"widget\" data-widget_type=\"heading.default\">\n\t\t\t\t<div class=\"elementor-widget-container\">\n\t\t\t\t\t<h4 class=\"elementor-heading-title elementor-size-default\">Verf\u00fcgungsfonds<\/h4>\t\t\t\t<\/div>\n\t\t\t\t<\/div>\n\t\t\t\t<div class=\"elementor-element elementor-element-6a7c288 elementor-widget elementor-widget-text-editor\" data-id=\"6a7c288\" data-element_type=\"widget\" data-e-type=\"widget\" data-widget_type=\"text-editor.default\">\n\t\t\t\t<div class=\"elementor-widget-container\">\n\t\t\t\t\t\t\t\t\tDeine Ideen sind gefragt: Mit diesem Verf\u00fcgungsfonds k\u00f6nnen nicht-investive und kleinere investive Ma\u00dfnahmen zur Attraktivit\u00e4tssteigerung des Zentrums und zur Generierung innovativer Ideen w\u00e4hrend der Projektlaufzeit bis zum 31.08.2025 gef\u00f6rdert werden.\t\t\t\t\t\t\t\t<\/div>\n\t\t\t\t<\/div>\n\t\t\t\t<div class=\"elementor-element elementor-element-34a9c92 elementor-widget elementor-widget-button\" data-id=\"34a9c92\" data-element_type=\"widget\" data-e-type=\"widget\" data-widget_type=\"button.default\">\n\t\t\t\t<div class=\"elementor-widget-container\">\n\t\t\t\t\t\t\t\t\t<div class=\"elementor-button-wrapper\">\n\t\t\t\t\t<a class=\"elementor-button elementor-button-link elementor-size-sm\" href=\"https:\/\/www.reutlingen.de\/de\/Rathaus\/Rathaus-Themen\/Stadtentwicklung\/Zukunftsfaehige-Innenstaedte-und-Zentren\/ZIZ-Verfuegungsfonds\" target=\"_blank\" rel=\"noopener\">\n\t\t\t\t\t\t<span class=\"elementor-button-content-wrapper\">\n\t\t\t\t\t\t\t\t\t<span class=\"elementor-button-text\">Hier klicken<\/span>\n\t\t\t\t\t<\/span>\n\t\t\t\t\t<\/a>\n\t\t\t\t<\/div>\n\t\t\t\t\t\t\t\t<\/div>\n\t\t\t\t<\/div>\n\t\t\t\t<\/div>\n\t\t\t\t\t<\/div>\n\t\t\t\t<\/div>\n\t\t\t\t<\/div>\n\t\t<div class=\"elementor-element elementor-element-c9d763e e-con-full e-flex e-con e-parent\" data-id=\"c9d763e\" data-element_type=\"container\" data-e-type=\"container\">\n\t\t\t\t<div class=\"elementor-element elementor-element-3b70e84 elementor-widget elementor-widget-spacer\" data-id=\"3b70e84\" data-element_type=\"widget\" data-e-type=\"widget\" data-widget_type=\"spacer.default\">\n\t\t\t\t<div class=\"elementor-widget-container\">\n\t\t\t\t\t\t\t<div class=\"elementor-spacer\">\n\t\t\t<div class=\"elementor-spacer-inner\"><\/div>\n\t\t<\/div>\n\t\t\t\t\t\t<\/div>\n\t\t\t\t<\/div>\n\t\t\t\t<\/div>\n\t\t<div class=\"elementor-element elementor-element-f8ad2c8 e-con-full e-flex e-con e-parent\" data-id=\"f8ad2c8\" data-element_type=\"container\" data-e-type=\"container\">\n\t\t<div class=\"elementor-element elementor-element-0462837 e-flex e-con-boxed e-con e-child\" data-id=\"0462837\" data-element_type=\"container\" data-e-type=\"container\">\n\t\t\t\t\t<div class=\"e-con-inner\">\n\t\t<div class=\"elementor-element elementor-element-78ad850 e-con-full e-flex e-con e-child\" data-id=\"78ad850\" data-element_type=\"container\" data-e-type=\"container\">\n\t\t\t\t<div class=\"elementor-element elementor-element-7c3f7eb elementor-widget elementor-widget-heading\" data-id=\"7c3f7eb\" data-element_type=\"widget\" data-e-type=\"widget\" data-widget_type=\"heading.default\">\n\t\t\t\t<div class=\"elementor-widget-container\">\n\t\t\t\t\t<h4 class=\"elementor-heading-title elementor-size-default\">Leitbild Biosph\u00e4ren-Innenstadt<\/h4>\t\t\t\t<\/div>\n\t\t\t\t<\/div>\n\t\t\t\t<div class=\"elementor-element elementor-element-b0a7d56 elementor-widget elementor-widget-text-editor\" data-id=\"b0a7d56\" data-element_type=\"widget\" data-e-type=\"widget\" data-widget_type=\"text-editor.default\">\n\t\t\t\t<div class=\"elementor-widget-container\">\n\t\t\t\t\t\t\t\t\t<p>Mit dem F\u00f6rderprojekt soll das Biosph\u00e4rengebiet Schw\u00e4bische Alb in der Innenstadt des Oberzentrums Reutlingen erleb- und greifbar gemacht werden. Als Mitglied des Biosph\u00e4rengebiets Schw\u00e4bische Alb soll durch die Erstellung eines Leitbildes und einer Handlungsstrategie f\u00fcr die Reutlinger Innenstadt ein wertvolles Fundament f\u00fcr \u00f6kologische Vielfalt und Klimaschutz, \u00f6konomische sowie soziale und gesellschaftspolitische Ausrichtungen geschaffen werden.<\/p>\t\t\t\t\t\t\t\t<\/div>\n\t\t\t\t<\/div>\n\t\t\t\t<div class=\"elementor-element elementor-element-fc2d346 elementor-widget elementor-widget-button\" data-id=\"fc2d346\" data-element_type=\"widget\" data-e-type=\"widget\" data-widget_type=\"button.default\">\n\t\t\t\t<div class=\"elementor-widget-container\">\n\t\t\t\t\t\t\t\t\t<div class=\"elementor-button-wrapper\">\n\t\t\t\t\t<a class=\"elementor-button elementor-button-link elementor-size-sm\" href=\"https:\/\/www.reutlingen.de\/de\/Rathaus\/Rathaus-Themen\/Stadtentwicklung\/Zukunftsfaehige-Innenstaedte-und-Zentren\/Leitbild-Biosphaeren-Innenstadt\" target=\"_blank\" rel=\"noopener\">\n\t\t\t\t\t\t<span class=\"elementor-button-content-wrapper\">\n\t\t\t\t\t\t\t\t\t<span class=\"elementor-button-text\">Hier klicken<\/span>\n\t\t\t\t\t<\/span>\n\t\t\t\t\t<\/a>\n\t\t\t\t<\/div>\n\t\t\t\t\t\t\t\t<\/div>\n\t\t\t\t<\/div>\n\t\t\t\t<\/div>\n\t\t<div class=\"elementor-element elementor-element-79b9c8b e-con-full e-flex e-con e-child\" data-id=\"79b9c8b\" data-element_type=\"container\" data-e-type=\"container\">\n\t\t\t\t<div class=\"elementor-element elementor-element-08b89a1 elementor-widget elementor-widget-image\" data-id=\"08b89a1\" data-element_type=\"widget\" data-e-type=\"widget\" data-widget_type=\"image.default\">\n\t\t\t\t<div class=\"elementor-widget-container\">\n\t\t\t\t\t\t\t\t\t\t\t\t\t\t\t<img decoding=\"async\" width=\"640\" height=\"960\" src=\"https:\/\/visitreutlingen.de\/wp-content\/uploads\/2025\/07\/startseite_5.webp\" class=\"attachment-large size-large wp-image-1335\" alt=\"Reutlingen entdecken\" srcset=\"https:\/\/visitreutlingen.de\/wp-content\/uploads\/2025\/07\/startseite_5.webp 640w, https:\/\/visitreutlingen.de\/wp-content\/uploads\/2025\/07\/startseite_5-200x300.webp 200w\" sizes=\"(max-width: 640px) 100vw, 640px\" title=\"Reutlingen. Kannst du nur lieben.\">\t\t\t\t\t\t\t\t\t\t\t\t\t\t\t<\/div>\n\t\t\t\t<\/div>\n\t\t\t\t<\/div>\n\t\t\t\t\t<\/div>\n\t\t\t\t<\/div>\n\t\t\t\t<\/div>\n\t\t<div class=\"elementor-element elementor-element-fbe31c8 e-con-full e-flex e-con e-parent\" data-id=\"fbe31c8\" data-element_type=\"container\" data-e-type=\"container\">\n\t\t\t\t<div class=\"elementor-element elementor-element-9b8fbab elementor-widget elementor-widget-spacer\" data-id=\"9b8fbab\" data-element_type=\"widget\" data-e-type=\"widget\" data-widget_type=\"spacer.default\">\n\t\t\t\t<div class=\"elementor-widget-container\">\n\t\t\t\t\t\t\t<div class=\"elementor-spacer\">\n\t\t\t<div class=\"elementor-spacer-inner\"><\/div>\n\t\t<\/div>\n\t\t\t\t\t\t<\/div>\n\t\t\t\t<\/div>\n\t\t\t\t<\/div>\n\t\t<div class=\"elementor-element elementor-element-a6b179a e-con-full e-flex e-con e-parent\" data-id=\"a6b179a\" data-element_type=\"container\" data-e-type=\"container\">\n\t\t<div class=\"elementor-element elementor-element-f368b13 e-flex e-con-boxed e-con e-child\" data-id=\"f368b13\" data-element_type=\"container\" data-e-type=\"container\">\n\t\t\t\t\t<div class=\"e-con-inner\">\n\t\t<div class=\"elementor-element elementor-element-feedc15 e-con-full e-flex e-con e-child\" data-id=\"feedc15\" data-element_type=\"container\" data-e-type=\"container\">\n\t\t\t\t<div class=\"elementor-element elementor-element-d5b139b elementor-widget elementor-widget-image\" data-id=\"d5b139b\" data-element_type=\"widget\" data-e-type=\"widget\" data-widget_type=\"image.default\">\n\t\t\t\t<div class=\"elementor-widget-container\">\n\t\t\t\t\t\t\t\t\t\t\t\t\t\t\t<img loading=\"lazy\" decoding=\"async\" width=\"800\" height=\"800\" src=\"https:\/\/visitreutlingen.de\/wp-content\/uploads\/2025\/08\/filters-quality-80-6-1024x1024.jpg\" class=\"attachment-large size-large wp-image-100269\" alt=\"Reutlingen entdecken\" srcset=\"https:\/\/visitreutlingen.de\/wp-content\/uploads\/2025\/08\/filters-quality-80-6-1024x1024.jpg 1024w, https:\/\/visitreutlingen.de\/wp-content\/uploads\/2025\/08\/filters-quality-80-6-300x300.jpg 300w, https:\/\/visitreutlingen.de\/wp-content\/uploads\/2025\/08\/filters-quality-80-6-150x150.jpg 150w, https:\/\/visitreutlingen.de\/wp-content\/uploads\/2025\/08\/filters-quality-80-6-768x768.jpg 768w, https:\/\/visitreutlingen.de\/wp-content\/uploads\/2025\/08\/filters-quality-80-6-1536x1536.jpg 1536w, https:\/\/visitreutlingen.de\/wp-content\/uploads\/2025\/08\/filters-quality-80-6.jpg 1920w\" sizes=\"(max-width: 800px) 100vw, 800px\" title=\"Reutlingen. Kannst du nur lieben.\">\t\t\t\t\t\t\t\t\t\t\t\t\t\t\t<\/div>\n\t\t\t\t<\/div>\n\t\t\t\t<\/div>\n\t\t<div class=\"elementor-element elementor-element-b376393 e-con-full e-flex e-con e-child\" data-id=\"b376393\" data-element_type=\"container\" data-e-type=\"container\">\n\t\t\t\t<div class=\"elementor-element elementor-element-4a9f1c5 elementor-widget elementor-widget-heading\" data-id=\"4a9f1c5\" data-element_type=\"widget\" data-e-type=\"widget\" data-widget_type=\"heading.default\">\n\t\t\t\t<div class=\"elementor-widget-container\">\n\t\t\t\t\t<h4 class=\"elementor-heading-title elementor-size-default\">Innovation HUB<\/h4>\t\t\t\t<\/div>\n\t\t\t\t<\/div>\n\t\t\t\t<div class=\"elementor-element elementor-element-cb88a26 elementor-widget elementor-widget-text-editor\" data-id=\"cb88a26\" data-element_type=\"widget\" data-e-type=\"widget\" data-widget_type=\"text-editor.default\">\n\t\t\t\t<div class=\"elementor-widget-container\">\n\t\t\t\t\t\t\t\t\t<p>Der Innovation HUB in der Innenstadt von Reutlingen ist ein neues Projekt, das die die gesamte Breite der Bev\u00f6lkerung in die Innenstadtentwicklung einbeziehen und Ideen f\u00fcr neue Produkte, Prozesse, Gesch\u00e4ftsmodelle sowie soziale Innovationen in enger Zusammenarbeit entwickeln soll. Zentrale Akteure sind dabei die Hochschule Reutlingen und die Gesch\u00e4ftsstelle Biosph\u00e4rengebiet Schw\u00e4bische Alb.<\/p>\t\t\t\t\t\t\t\t<\/div>\n\t\t\t\t<\/div>\n\t\t\t\t<div class=\"elementor-element elementor-element-76c6dfe elementor-widget elementor-widget-button\" data-id=\"76c6dfe\" data-element_type=\"widget\" data-e-type=\"widget\" data-widget_type=\"button.default\">\n\t\t\t\t<div class=\"elementor-widget-container\">\n\t\t\t\t\t\t\t\t\t<div class=\"elementor-button-wrapper\">\n\t\t\t\t\t<a class=\"elementor-button elementor-button-link elementor-size-sm\" href=\"https:\/\/www.wechselnder-wilhelm.de\" target=\"_blank\" rel=\"noopener\">\n\t\t\t\t\t\t<span class=\"elementor-button-content-wrapper\">\n\t\t\t\t\t\t\t\t\t<span class=\"elementor-button-text\">Hier klicken<\/span>\n\t\t\t\t\t<\/span>\n\t\t\t\t\t<\/a>\n\t\t\t\t<\/div>\n\t\t\t\t\t\t\t\t<\/div>\n\t\t\t\t<\/div>\n\t\t\t\t<\/div>\n\t\t\t\t\t<\/div>\n\t\t\t\t<\/div>\n\t\t\t\t<\/div>\n\t\t\t\t<\/div>\n\t\t","protected":false},"excerpt":{"rendered":"<p>Reutlingen erh\u00e4lt 2,29 Millionen Euro aus dem Bundesprogramm \u201eZukunftsf\u00e4hige Innenst\u00e4dte und Zentren\u201c. Mit den F\u00f6rdergeldern entstehen Projekte wie der Verf\u00fcgungsfonds f\u00fcr kreative Ideen, das Leitbild Biosph\u00e4ren-Innenstadt sowie der neue Innovation HUB. Ziel ist es, die Innenstadt nachhaltig attraktiver, \u00f6kologischer und zukunftsf\u00e4hig zu gestalten.<\/p>\n","protected":false},"author":5,"featured_media":100122,"comment_status":"closed","ping_status":"closed","sticky":false,"template":"","format":"standard","meta":{"inline_featured_image":false,"footnotes":""},"categories":[10,46,43],"tags":[],"class_list":["post-100120","post","type-post","status-publish","format-standard","has-post-thumbnail","hentry","category-beitrag","category-biosphaere","category-innenstadt"],"_links":{"self":[{"href":"https:\/\/visitreutlingen.de\/fr\/wp-json\/wp\/v2\/posts\/100120","targetHints":{"allow":["GET"]}}],"collection":[{"href":"https:\/\/visitreutlingen.de\/fr\/wp-json\/wp\/v2\/posts"}],"about":[{"href":"https:\/\/visitreutlingen.de\/fr\/wp-json\/wp\/v2\/types\/post"}],"author":[{"embeddable":true,"href":"https:\/\/visitreutlingen.de\/fr\/wp-json\/wp\/v2\/users\/5"}],"replies":[{"embeddable":true,"href":"https:\/\/visitreutlingen.de\/fr\/wp-json\/wp\/v2\/comments?post=100120"}],"version-history":[{"count":1,"href":"https:\/\/visitreutlingen.de\/fr\/wp-json\/wp\/v2\/posts\/100120\/revisions"}],"predecessor-version":[{"id":112920,"href":"https:\/\/visitreutlingen.de\/fr\/wp-json\/wp\/v2\/posts\/100120\/revisions\/112920"}],"wp:featuredmedia":[{"embeddable":true,"href":"https:\/\/visitreutlingen.de\/fr\/wp-json\/wp\/v2\/media\/100122"}],"wp:attachment":[{"href":"https:\/\/visitreutlingen.de\/fr\/wp-json\/wp\/v2\/media?parent=100120"}],"wp:term":[{"taxonomy":"category","embeddable":true,"href":"https:\/\/visitreutlingen.de\/fr\/wp-json\/wp\/v2\/categories?post=100120"},{"taxonomy":"post_tag","embeddable":true,"href":"https:\/\/visitreutlingen.de\/fr\/wp-json\/wp\/v2\/tags?post=100120"}],"curies":[{"name":"wp","href":"https:\/\/api.w.org\/{rel}","templated":true}]}}