{"id":113090,"date":"2026-04-29T12:13:37","date_gmt":"2026-04-29T10:13:37","guid":{"rendered":"https:\/\/visitreutlingen.de\/?p=113090"},"modified":"2026-04-29T12:17:05","modified_gmt":"2026-04-29T10:17:05","slug":"walk-talk-reutlinger-wege","status":"publish","type":"post","link":"https:\/\/visitreutlingen.de\/fr\/allgemein\/walk-talk-reutlinger-wege\/","title":{"rendered":"Walk &#038; Talk &#8211; Reutlinger Wege die verbinden"},"content":{"rendered":"\t\t<div data-elementor-type=\"wp-post\" data-elementor-id=\"113090\" class=\"elementor elementor-113090\" data-elementor-post-type=\"post\">\n\t\t\t\t<div class=\"elementor-element elementor-element-450b5071 animated-fast e-flex e-con-boxed elementor-invisible e-con e-parent\" data-id=\"450b5071\" data-element_type=\"container\" data-e-type=\"container\" data-settings=\"{&quot;background_background&quot;:&quot;classic&quot;,&quot;animation&quot;:&quot;fadeIn&quot;}\">\n\t\t\t\t\t<div class=\"e-con-inner\">\n\t\t<div class=\"elementor-element elementor-element-3ec32eeb e-con-full animated-fast e-flex elementor-invisible e-con e-child\" data-id=\"3ec32eeb\" data-element_type=\"container\" data-e-type=\"container\" data-settings=\"{&quot;animation&quot;:&quot;fadeInDown&quot;}\">\n\t\t\t\t<div class=\"elementor-element elementor-element-67caef4f elementor-widget elementor-widget-heading\" data-id=\"67caef4f\" data-element_type=\"widget\" data-e-type=\"widget\" data-widget_type=\"heading.default\">\n\t\t\t\t<div class=\"elementor-widget-container\">\n\t\t\t\t\t<h1 class=\"elementor-heading-title elementor-size-default\">Walk &amp; Talk \u2013 Reutlinger Wege, die verbinden<\/h1>\t\t\t\t<\/div>\n\t\t\t\t<\/div>\n\t\t\t\t<div class=\"elementor-element elementor-element-6d24a2c9 elementor-widget elementor-widget-heading\" data-id=\"6d24a2c9\" data-element_type=\"widget\" data-e-type=\"widget\" data-widget_type=\"heading.default\">\n\t\t\t\t<div class=\"elementor-widget-container\">\n\t\t\t\t\t<h3 class=\"elementor-heading-title elementor-size-default\">Wandern mit dem Oberb\u00fcrgermeister<\/h3>\t\t\t\t<\/div>\n\t\t\t\t<\/div>\n\t\t\t\t<div class=\"elementor-element elementor-element-3c993f89 elementor-widget elementor-widget-text-editor\" data-id=\"3c993f89\" data-element_type=\"widget\" data-e-type=\"widget\" data-widget_type=\"text-editor.default\">\n\t\t\t\t<div class=\"elementor-widget-container\">\n\t\t\t\t\t\t\t\t\t<p><span data-path-to-node=\"4,0\">Hast du Lust, deine Stadt mal ganz ohne Filter und daf\u00fcr mit ordentlich Bewegung zu erleben? <\/span><span data-path-to-node=\"4,2\"><span class=\"citation-154\">Wir starten unser brandneues Dialog-Format <\/span><b data-path-to-node=\"4,2\" data-index-in-node=\"43\"><span class=\"citation-154\">&#8222;Walk &amp; Talk \u2013 Reutlinger Wege, die verbinden&#8220;<\/span><\/b><\/span><span data-path-to-node=\"4,4\">. Wir bringen frischen Wind in die Gassen (und auf die Gipfel) unserer Stadt!<\/span><\/p>\t\t\t\t\t\t\t\t<\/div>\n\t\t\t\t<\/div>\n\t\t\t\t<\/div>\n\t\t<div class=\"elementor-element elementor-element-5720dac e-con-full animated-fast e-flex elementor-invisible e-con e-child\" data-id=\"5720dac\" data-element_type=\"container\" data-e-type=\"container\" data-settings=\"{&quot;animation&quot;:&quot;fadeInDown&quot;,&quot;animation_delay&quot;:200}\">\n\t\t\t\t<div class=\"elementor-element elementor-element-508d2992 elementor-widget elementor-widget-image\" data-id=\"508d2992\" data-element_type=\"widget\" data-e-type=\"widget\" data-widget_type=\"image.default\">\n\t\t\t\t<div class=\"elementor-widget-container\">\n\t\t\t\t\t\t\t\t\t\t\t\t\t\t\t<img fetchpriority=\"high\" decoding=\"async\" width=\"2560\" height=\"1707\" src=\"https:\/\/visitreutlingen.de\/wp-content\/uploads\/2026\/04\/Wanderlingen_scope-21-scaled.jpg\" class=\"attachment-full size-full wp-image-113092\" alt=\"Eine Wandergruppen mit Outdoorkleidung l\u00e4uft auf einem Weg in der Natur.\" srcset=\"https:\/\/visitreutlingen.de\/wp-content\/uploads\/2026\/04\/Wanderlingen_scope-21-scaled.jpg 2560w, https:\/\/visitreutlingen.de\/wp-content\/uploads\/2026\/04\/Wanderlingen_scope-21-300x200.jpg 300w, https:\/\/visitreutlingen.de\/wp-content\/uploads\/2026\/04\/Wanderlingen_scope-21-1024x683.jpg 1024w, https:\/\/visitreutlingen.de\/wp-content\/uploads\/2026\/04\/Wanderlingen_scope-21-768x512.jpg 768w, https:\/\/visitreutlingen.de\/wp-content\/uploads\/2026\/04\/Wanderlingen_scope-21-1536x1024.jpg 1536w, https:\/\/visitreutlingen.de\/wp-content\/uploads\/2026\/04\/Wanderlingen_scope-21-2048x1365.jpg 2048w\" sizes=\"(max-width: 2560px) 100vw, 2560px\" title=\"Reutlingen. Kannst du nur lieben.\">\t\t\t\t\t\t\t\t\t\t\t\t\t\t\t<\/div>\n\t\t\t\t<\/div>\n\t\t\t\t<\/div>\n\t\t\t\t\t<\/div>\n\t\t\t\t<\/div>\n\t\t<div class=\"elementor-element elementor-element-ac3a1a1 e-flex e-con-boxed e-con e-parent\" data-id=\"ac3a1a1\" data-element_type=\"container\" data-e-type=\"container\">\n\t\t\t\t\t<div class=\"e-con-inner\">\n\t\t\t\t<div class=\"elementor-element elementor-element-531d241b elementor-widget elementor-widget-spacer\" data-id=\"531d241b\" data-element_type=\"widget\" data-e-type=\"widget\" data-widget_type=\"spacer.default\">\n\t\t\t\t<div class=\"elementor-widget-container\">\n\t\t\t\t\t\t\t<div class=\"elementor-spacer\">\n\t\t\t<div class=\"elementor-spacer-inner\"><\/div>\n\t\t<\/div>\n\t\t\t\t\t\t<\/div>\n\t\t\t\t<\/div>\n\t\t\t\t\t<\/div>\n\t\t\t\t<\/div>\n\t\t<div class=\"elementor-element elementor-element-44cf50fb animated-fast e-flex e-con-boxed elementor-invisible e-con e-parent\" data-id=\"44cf50fb\" data-element_type=\"container\" data-e-type=\"container\" data-settings=\"{&quot;animation&quot;:&quot;fadeInUp&quot;}\">\n\t\t\t\t\t<div class=\"e-con-inner\">\n\t\t<div class=\"elementor-element elementor-element-1ece7be7 e-con-full e-flex e-con e-child\" data-id=\"1ece7be7\" data-element_type=\"container\" data-e-type=\"container\">\n\t\t\t\t<div class=\"elementor-element elementor-element-64c30594 elementor-widget elementor-widget-heading\" data-id=\"64c30594\" data-element_type=\"widget\" data-e-type=\"widget\" data-widget_type=\"heading.default\">\n\t\t\t\t<div class=\"elementor-widget-container\">\n\t\t\t\t\t<h2 class=\"elementor-heading-title elementor-size-default\">Was steckt dahinter?<\/h2>\t\t\t\t<\/div>\n\t\t\t\t<\/div>\n\t\t\t\t<div class=\"elementor-element elementor-element-62772aa9 elementor-widget elementor-widget-text-editor\" data-id=\"62772aa9\" data-element_type=\"widget\" data-e-type=\"widget\" data-widget_type=\"text-editor.default\">\n\t\t\t\t<div class=\"elementor-widget-container\">\n\t\t\t\t\t\t\t\t\t<p><span data-path-to-node=\"6,0\">Vergiss steife Podiumsdiskussionen. <\/span><span data-path-to-node=\"6,2\"><span class=\"citation-153\">Bei uns hei\u00dft es: <\/span><b data-path-to-node=\"6,2\" data-index-in-node=\"18\"><span class=\"citation-153\">Gemeinsam in Bewegung<\/span><\/b><\/span><span data-path-to-node=\"6,4\">. <\/span><span data-path-to-node=\"6,6\"><span class=\"citation-152\">In jeder Folge schnappt sich eine Reutlinger Pers\u00f6nlichkeit ihre Wanderschuhe und nimmt uns mit auf ihre absolute Lieblingsstrecke<\/span><\/span><span data-path-to-node=\"6,8\">.<br \/><br \/><\/span><\/p><p data-path-to-node=\"7\">Dabei geht es um alles, was Reutlingen bewegt:<\/p><ul data-path-to-node=\"8\"><li><p id=\"p-rc_58cced4428cd3cf8-83\" data-path-to-node=\"8,0,1\"><span data-path-to-node=\"8,0,1,0\"><b data-path-to-node=\"8,0,1,0\" data-index-in-node=\"0\"><span class=\"citation-151\">Lieblingsorte:<\/span><\/b><span class=\"citation-151\"> Entdecke Ecken, die du so vielleicht noch nicht kanntest<\/span><\/span><span data-path-to-node=\"8,0,1,2\">.<\/span><\/p><\/li><li><p id=\"p-rc_58cced4428cd3cf8-84\" data-path-to-node=\"8,1,1\"><span data-path-to-node=\"8,1,1,0\"><b data-path-to-node=\"8,1,1,0\" data-index-in-node=\"0\"><span class=\"citation-150\">Stadtentwicklung:<\/span><\/b><span class=\"citation-150\"> Wo geht die Reise f\u00fcr uns hin?<\/span><\/span><\/p><\/li><li><p id=\"p-rc_58cced4428cd3cf8-85\" data-path-to-node=\"8,2,1\"><span data-path-to-node=\"8,2,1,0\"><b data-path-to-node=\"8,2,1,0\" data-index-in-node=\"0\"><span class=\"citation-149\">Das echte Leben:<\/span><\/b><span class=\"citation-149\"> Einfach mal quatschen \u00fcber das, was hier z\u00e4hlt<\/span><\/span><span data-path-to-node=\"8,2,1,2\">.<\/span><\/p><\/li><\/ul><p id=\"p-rc_58cced4428cd3cf8-86\" data-path-to-node=\"9\"><span data-path-to-node=\"9,0\"><b data-path-to-node=\"9,0\" data-index-in-node=\"0\">Das Beste f\u00fcr dich:<\/b> Du bist nicht nur Zuschauer, sondern mittendrin! <\/span><span data-path-to-node=\"9,2\"><span class=\"citation-148 interactive-span-hovered\">Du kannst direkt dabei sein, Fragen stellen und deine Stadt neu entdecken<\/span><\/span><span data-path-to-node=\"9,4\">.<\/span><\/p><p>\u00a0<\/p>\t\t\t\t\t\t\t\t<\/div>\n\t\t\t\t<\/div>\n\t\t\t\t<\/div>\n\t\t\t\t\t<\/div>\n\t\t\t\t<\/div>\n\t\t<div class=\"elementor-element elementor-element-4190e79d e-flex e-con-boxed e-con e-parent\" data-id=\"4190e79d\" data-element_type=\"container\" data-e-type=\"container\">\n\t\t\t\t\t<div class=\"e-con-inner\">\n\t\t\t\t<div class=\"elementor-element elementor-element-640d998e elementor-widget elementor-widget-spacer\" data-id=\"640d998e\" data-element_type=\"widget\" data-e-type=\"widget\" data-widget_type=\"spacer.default\">\n\t\t\t\t<div class=\"elementor-widget-container\">\n\t\t\t\t\t\t\t<div class=\"elementor-spacer\">\n\t\t\t<div class=\"elementor-spacer-inner\"><\/div>\n\t\t<\/div>\n\t\t\t\t\t\t<\/div>\n\t\t\t\t<\/div>\n\t\t\t\t\t<\/div>\n\t\t\t\t<\/div>\n\t\t<div class=\"elementor-element elementor-element-4b778b39 animated-fast e-flex e-con-boxed elementor-invisible e-con e-parent\" data-id=\"4b778b39\" data-element_type=\"container\" data-e-type=\"container\" data-settings=\"{&quot;background_background&quot;:&quot;classic&quot;,&quot;animation&quot;:&quot;fadeIn&quot;}\">\n\t\t\t\t\t<div class=\"e-con-inner\">\n\t\t<div class=\"elementor-element elementor-element-5cd8bb96 e-con-full animated-fast e-flex elementor-invisible e-con e-child\" data-id=\"5cd8bb96\" data-element_type=\"container\" data-e-type=\"container\" data-settings=\"{&quot;animation&quot;:&quot;fadeInLeft&quot;}\">\n\t\t\t\t<div class=\"elementor-element elementor-element-236901b6 e-transform elementor-widget elementor-widget-image\" data-id=\"236901b6\" data-element_type=\"widget\" data-e-type=\"widget\" data-settings=\"{&quot;_transform_rotateZ_effect&quot;:{&quot;unit&quot;:&quot;px&quot;,&quot;size&quot;:5,&quot;sizes&quot;:[]},&quot;_transform_rotateZ_effect_tablet&quot;:{&quot;unit&quot;:&quot;deg&quot;,&quot;size&quot;:&quot;&quot;,&quot;sizes&quot;:[]},&quot;_transform_rotateZ_effect_mobile&quot;:{&quot;unit&quot;:&quot;deg&quot;,&quot;size&quot;:&quot;&quot;,&quot;sizes&quot;:[]}}\" data-widget_type=\"image.default\">\n\t\t\t\t<div class=\"elementor-widget-container\">\n\t\t\t\t\t\t\t\t\t\t\t\t\t\t\t<img decoding=\"async\" width=\"800\" height=\"721\" src=\"https:\/\/visitreutlingen.de\/wp-content\/uploads\/2026\/04\/Wanderschuh-1024x923.png\" class=\"attachment-large size-large wp-image-113093\" alt=\"Illustration eines Wanderschuh mit Herz an der Seite.\" srcset=\"https:\/\/visitreutlingen.de\/wp-content\/uploads\/2026\/04\/Wanderschuh-1024x923.png 1024w, https:\/\/visitreutlingen.de\/wp-content\/uploads\/2026\/04\/Wanderschuh-300x270.png 300w, https:\/\/visitreutlingen.de\/wp-content\/uploads\/2026\/04\/Wanderschuh-768x692.png 768w, https:\/\/visitreutlingen.de\/wp-content\/uploads\/2026\/04\/Wanderschuh-1536x1385.png 1536w, https:\/\/visitreutlingen.de\/wp-content\/uploads\/2026\/04\/Wanderschuh-2048x1846.png 2048w\" sizes=\"(max-width: 800px) 100vw, 800px\" title=\"Reutlingen. Kannst du nur lieben.\">\t\t\t\t\t\t\t\t\t\t\t\t\t\t\t<\/div>\n\t\t\t\t<\/div>\n\t\t\t\t<\/div>\n\t\t<div class=\"elementor-element elementor-element-2c1e9aca e-con-full animated-fast e-flex elementor-invisible e-con e-child\" data-id=\"2c1e9aca\" data-element_type=\"container\" data-e-type=\"container\" data-settings=\"{&quot;animation&quot;:&quot;fadeInLeft&quot;}\">\n\t\t\t\t<div class=\"elementor-element elementor-element-6bc2efd0 elementor-widget elementor-widget-heading\" data-id=\"6bc2efd0\" data-element_type=\"widget\" data-e-type=\"widget\" data-widget_type=\"heading.default\">\n\t\t\t\t<div class=\"elementor-widget-container\">\n\t\t\t\t\t<h2 class=\"elementor-heading-title elementor-size-default\">Die Premiere: Wer packt den Rucksack?<\/h2>\t\t\t\t<\/div>\n\t\t\t\t<\/div>\n\t\t\t\t<div class=\"elementor-element elementor-element-68da5b80 elementor-widget elementor-widget-spacer\" data-id=\"68da5b80\" data-element_type=\"widget\" data-e-type=\"widget\" data-widget_type=\"spacer.default\">\n\t\t\t\t<div class=\"elementor-widget-container\">\n\t\t\t\t\t\t\t<div class=\"elementor-spacer\">\n\t\t\t<div class=\"elementor-spacer-inner\"><\/div>\n\t\t<\/div>\n\t\t\t\t\t\t<\/div>\n\t\t\t\t<\/div>\n\t\t<div class=\"elementor-element elementor-element-2628b69c e-con-full animated-fast e-flex elementor-invisible e-con e-child\" data-id=\"2628b69c\" data-element_type=\"container\" data-e-type=\"container\" data-settings=\"{&quot;animation&quot;:&quot;fadeInRight&quot;}\">\n\t\t<div class=\"elementor-element elementor-element-54ed313d e-con-full e-flex e-con e-child\" data-id=\"54ed313d\" data-element_type=\"container\" data-e-type=\"container\">\n\t\t\t\t<div class=\"elementor-element elementor-element-3a74f535 elementor-view-stacked elementor-hidden-tablet elementor-hidden-mobile elementor-shape-circle elementor-widget elementor-widget-icon\" data-id=\"3a74f535\" data-element_type=\"widget\" data-e-type=\"widget\" data-widget_type=\"icon.default\">\n\t\t\t\t<div class=\"elementor-widget-container\">\n\t\t\t\t\t\t\t<div class=\"elementor-icon-wrapper\">\n\t\t\t<div class=\"elementor-icon\">\n\t\t\t<svg aria-hidden=\"true\" class=\"e-font-icon-svg e-fas-arrow-right\" viewBox=\"0 0 448 512\" xmlns=\"http:\/\/www.w3.org\/2000\/svg\"><path d=\"M190.5 66.9l22.2-22.2c9.4-9.4 24.6-9.4 33.9 0L441 239c9.4 9.4 9.4 24.6 0 33.9L246.6 467.3c-9.4 9.4-24.6 9.4-33.9 0l-22.2-22.2c-9.5-9.5-9.3-25 .4-34.3L311.4 296H24c-13.3 0-24-10.7-24-24v-32c0-13.3 10.7-24 24-24h287.4L190.9 101.2c-9.8-9.3-10-24.8-.4-34.3z\"><\/path><\/svg>\t\t\t<\/div>\n\t\t<\/div>\n\t\t\t\t\t\t<\/div>\n\t\t\t\t<\/div>\n\t\t\t\t<\/div>\n\t\t<div class=\"elementor-element elementor-element-7b790b4b e-con-full e-flex e-con e-child\" data-id=\"7b790b4b\" data-element_type=\"container\" data-e-type=\"container\">\n\t\t\t\t<div class=\"elementor-element elementor-element-7df15511 elementor-widget elementor-widget-text-editor\" data-id=\"7df15511\" data-element_type=\"widget\" data-e-type=\"widget\" data-widget_type=\"text-editor.default\">\n\t\t\t\t<div class=\"elementor-widget-container\">\n\t\t\t\t\t\t\t\t\t<p><span data-path-to-node=\"11,2\"><span class=\"citation-147\">F\u00fcr den ersten &#8222;Reutlinger Weg&#8220; haben wir uns jemanden geschnappt, der die Stadt kennt wie seine Westentasche: <\/span><b data-path-to-node=\"11,2\" data-index-in-node=\"111\"><span class=\"citation-147\">Oberb\u00fcrgermeister Thomas Keck<\/span><\/b><span class=\"citation-147\"> macht den Anfang<\/span><\/span><span data-path-to-node=\"11,4\">! Es geht hoch hinaus! Wir wandern am 15. Mai um 11 Uhr gemeinsam an einen seiner absoluten Lieblingspl\u00e4tze <strong>auf den Ro\u00dfberg.<\/strong><\/span><\/p>\t\t\t\t\t\t\t\t<\/div>\n\t\t\t\t<\/div>\n\t\t\t\t<div class=\"elementor-element elementor-element-6ec54c7f elementor-align-right elementor-widget elementor-widget-button\" data-id=\"6ec54c7f\" data-element_type=\"widget\" data-e-type=\"widget\" data-widget_type=\"button.default\">\n\t\t\t\t<div class=\"elementor-widget-container\">\n\t\t\t\t\t\t\t\t\t<div class=\"elementor-button-wrapper\">\n\t\t\t\t\t<a class=\"elementor-button elementor-button-link elementor-size-sm\" href=\"https:\/\/forms.cloud.microsoft\/e\/50UnEiFb2P\" target=\"_blank\" rel=\"noopener\">\n\t\t\t\t\t\t<span class=\"elementor-button-content-wrapper\">\n\t\t\t\t\t\t<span class=\"elementor-button-icon\">\n\t\t\t\t<svg aria-hidden=\"true\" class=\"e-font-icon-svg e-fas-arrow-right\" viewBox=\"0 0 448 512\" xmlns=\"http:\/\/www.w3.org\/2000\/svg\"><path d=\"M190.5 66.9l22.2-22.2c9.4-9.4 24.6-9.4 33.9 0L441 239c9.4 9.4 9.4 24.6 0 33.9L246.6 467.3c-9.4 9.4-24.6 9.4-33.9 0l-22.2-22.2c-9.5-9.5-9.3-25 .4-34.3L311.4 296H24c-13.3 0-24-10.7-24-24v-32c0-13.3 10.7-24 24-24h287.4L190.9 101.2c-9.8-9.3-10-24.8-.4-34.3z\"><\/path><\/svg>\t\t\t<\/span>\n\t\t\t\t\t\t\t\t\t<span class=\"elementor-button-text\">Hier kannst du dich anmelden!<\/span>\n\t\t\t\t\t<\/span>\n\t\t\t\t\t<\/a>\n\t\t\t\t<\/div>\n\t\t\t\t\t\t\t\t<\/div>\n\t\t\t\t<\/div>\n\t\t\t\t<\/div>\n\t\t\t\t<\/div>\n\t\t\t\t<\/div>\n\t\t\t\t\t<\/div>\n\t\t\t\t<\/div>\n\t\t<div class=\"elementor-element elementor-element-6f819073 e-flex e-con-boxed e-con e-parent\" data-id=\"6f819073\" data-element_type=\"container\" data-e-type=\"container\">\n\t\t\t\t\t<div class=\"e-con-inner\">\n\t\t\t\t<div class=\"elementor-element elementor-element-b11872f elementor-widget elementor-widget-spacer\" data-id=\"b11872f\" data-element_type=\"widget\" data-e-type=\"widget\" data-widget_type=\"spacer.default\">\n\t\t\t\t<div class=\"elementor-widget-container\">\n\t\t\t\t\t\t\t<div class=\"elementor-spacer\">\n\t\t\t<div class=\"elementor-spacer-inner\"><\/div>\n\t\t<\/div>\n\t\t\t\t\t\t<\/div>\n\t\t\t\t<\/div>\n\t\t\t\t\t<\/div>\n\t\t\t\t<\/div>\n\t\t<div class=\"elementor-element elementor-element-5f6e66d9 animated-fast e-flex e-con-boxed elementor-invisible e-con e-parent\" data-id=\"5f6e66d9\" data-element_type=\"container\" data-e-type=\"container\" data-settings=\"{&quot;animation&quot;:&quot;fadeInUp&quot;}\">\n\t\t\t\t\t<div class=\"e-con-inner\">\n\t\t<div class=\"elementor-element elementor-element-60d9441 e-con-full e-flex e-con e-child\" data-id=\"60d9441\" data-element_type=\"container\" data-e-type=\"container\">\n\t\t\t\t<div class=\"elementor-element elementor-element-187478b3 elementor-widget elementor-widget-heading\" data-id=\"187478b3\" data-element_type=\"widget\" data-e-type=\"widget\" data-widget_type=\"heading.default\">\n\t\t\t\t<div class=\"elementor-widget-container\">\n\t\t\t\t\t<h2 class=\"elementor-heading-title elementor-size-default\">Der Schlachtplan \u2013 G\u00f6nningen, Gipfel &amp; Genuss<\/h2>\t\t\t\t<\/div>\n\t\t\t\t<\/div>\n\t\t\t\t<div class=\"elementor-element elementor-element-1ffbebe9 elementor-widget elementor-widget-text-editor\" data-id=\"1ffbebe9\" data-element_type=\"widget\" data-e-type=\"widget\" data-widget_type=\"text-editor.default\">\n\t\t\t\t<div class=\"elementor-widget-container\">\n\t\t\t\t\t\t\t\t\t<p data-path-to-node=\"14\">Wir starten unsere Tour am <b data-path-to-node=\"14\" data-index-in-node=\"27\">Sch\u00fctzenhaus in G\u00f6nningen um 11 Uhr<\/b>. Von dort aus geht es stetig bergauf, bis wir die Aussicht am <strong>Ro\u00dfbergturm<\/strong> genie\u00dfen k\u00f6nnen.<\/p><p data-path-to-node=\"15\">Und weil Wandern bekanntlich hungrig macht, hat das Team vom Wanderheim Ro\u00dfberg ein besonderes Schmankerl angek\u00fcndigt: Zur St\u00e4rkung gibt es am Turm die <b data-path-to-node=\"15\" data-index-in-node=\"129\">Lieblings-Bauernbratwurst <\/b>vom Oberb\u00fcrgermeister!<\/p><p>Nach der gemeinsamen Rast hast du die Wahl: Bleib noch gem\u00fctlich sitzen, um die Aussicht zu genie\u00dfen, tritt in deinem eigenen Tempo den R\u00fcckweg an oder beende die Wanderung mit der Gruppe.<\/p>\t\t\t\t\t\t\t\t<\/div>\n\t\t\t\t<\/div>\n\t\t\t\t<\/div>\n\t\t\t\t\t<\/div>\n\t\t\t\t<\/div>\n\t\t<div class=\"elementor-element elementor-element-4fdca21b e-flex e-con-boxed e-con e-parent\" data-id=\"4fdca21b\" data-element_type=\"container\" data-e-type=\"container\">\n\t\t\t\t\t<div class=\"e-con-inner\">\n\t\t\t\t<div class=\"elementor-element elementor-element-7c77cde6 elementor-widget elementor-widget-spacer\" data-id=\"7c77cde6\" data-element_type=\"widget\" data-e-type=\"widget\" data-widget_type=\"spacer.default\">\n\t\t\t\t<div class=\"elementor-widget-container\">\n\t\t\t\t\t\t\t<div class=\"elementor-spacer\">\n\t\t\t<div class=\"elementor-spacer-inner\"><\/div>\n\t\t<\/div>\n\t\t\t\t\t\t<\/div>\n\t\t\t\t<\/div>\n\t\t\t\t\t<\/div>\n\t\t\t\t<\/div>\n\t\t<div class=\"elementor-element elementor-element-20327fb animated-fast e-flex e-con-boxed elementor-invisible e-con e-parent\" data-id=\"20327fb\" data-element_type=\"container\" data-e-type=\"container\" data-settings=\"{&quot;animation&quot;:&quot;fadeInUp&quot;}\">\n\t\t\t\t\t<div class=\"e-con-inner\">\n\t\t<div class=\"elementor-element elementor-element-7657eaf e-con-full e-flex e-con e-child\" data-id=\"7657eaf\" data-element_type=\"container\" data-e-type=\"container\">\n\t\t\t\t<div class=\"elementor-element elementor-element-2f64b47 elementor-widget elementor-widget-heading\" data-id=\"2f64b47\" data-element_type=\"widget\" data-e-type=\"widget\" data-widget_type=\"heading.default\">\n\t\t\t\t<div class=\"elementor-widget-container\">\n\t\t\t\t\t<h2 class=\"elementor-heading-title elementor-size-default\">Auf diese Tour darfst du dich freuen:<\/h2>\t\t\t\t<\/div>\n\t\t\t\t<\/div>\n\t\t\t\t<div class=\"elementor-element elementor-element-9078349 elementor-widget elementor-widget-html\" data-id=\"9078349\" data-element_type=\"widget\" data-e-type=\"widget\" data-widget_type=\"html.default\">\n\t\t\t\t<div class=\"elementor-widget-container\">\n\t\t\t\t\t<div class=\"mpm-widgets\"\n     data-typ=\"direktsuche\"\n     data-seo-urls=\"premiumwanderweg-hochgehkaempft-in-goenningen\"\n     data-initial-kartenanzeige=\"3\">\n<\/div>\t\t\t\t<\/div>\n\t\t\t\t<\/div>\n\t\t\t\t<\/div>\n\t\t\t\t\t<\/div>\n\t\t\t\t<\/div>\n\t\t\t\t<\/div>\n\t\t","protected":false},"excerpt":{"rendered":"<p>Wandern mit dem OB: Am 15. Mai geht es bei \u201eWalk &#038; Talk\u201c gemeinsam mit Thomas Keck hoch hinaus auf den Ro\u00dfberg. Wir starten um 11:00 Uhr am Sch\u00fctzenhaus in G\u00f6nningen, quatschen unterwegs ganz locker \u00fcber unser Reutlingen und genie\u00dfen am Ziel die Lieblings-Bauernbratwurst des Oberb\u00fcrgermeisters. Die Pl\u00e4tze sind begrenzt \u2013 wir freuen uns auf deine Anmeldung!<\/p>\n","protected":false},"author":4,"featured_media":113092,"comment_status":"closed","ping_status":"closed","sticky":false,"template":"","format":"standard","meta":{"inline_featured_image":false,"footnotes":""},"categories":[1,47,10,45,12],"tags":[139,36,140,138,141],"class_list":["post-113090","post","type-post","status-publish","format-standard","has-post-thumbnail","hentry","category-allgemein","category-attraktive-lage","category-beitrag","category-event-aktion","category-topnews","tag-oberbuergermeister","tag-reutlingen","tag-rossberg","tag-wandern","tag-wanderung"],"_links":{"self":[{"href":"https:\/\/visitreutlingen.de\/fr\/wp-json\/wp\/v2\/posts\/113090","targetHints":{"allow":["GET"]}}],"collection":[{"href":"https:\/\/visitreutlingen.de\/fr\/wp-json\/wp\/v2\/posts"}],"about":[{"href":"https:\/\/visitreutlingen.de\/fr\/wp-json\/wp\/v2\/types\/post"}],"author":[{"embeddable":true,"href":"https:\/\/visitreutlingen.de\/fr\/wp-json\/wp\/v2\/users\/4"}],"replies":[{"embeddable":true,"href":"https:\/\/visitreutlingen.de\/fr\/wp-json\/wp\/v2\/comments?post=113090"}],"version-history":[{"count":9,"href":"https:\/\/visitreutlingen.de\/fr\/wp-json\/wp\/v2\/posts\/113090\/revisions"}],"predecessor-version":[{"id":113102,"href":"https:\/\/visitreutlingen.de\/fr\/wp-json\/wp\/v2\/posts\/113090\/revisions\/113102"}],"wp:featuredmedia":[{"embeddable":true,"href":"https:\/\/visitreutlingen.de\/fr\/wp-json\/wp\/v2\/media\/113092"}],"wp:attachment":[{"href":"https:\/\/visitreutlingen.de\/fr\/wp-json\/wp\/v2\/media?parent=113090"}],"wp:term":[{"taxonomy":"category","embeddable":true,"href":"https:\/\/visitreutlingen.de\/fr\/wp-json\/wp\/v2\/categories?post=113090"},{"taxonomy":"post_tag","embeddable":true,"href":"https:\/\/visitreutlingen.de\/fr\/wp-json\/wp\/v2\/tags?post=113090"}],"curies":[{"name":"wp","href":"https:\/\/api.w.org\/{rel}","templated":true}]}}